{"id":441,"date":"2026-02-02T08:57:19","date_gmt":"2026-02-02T07:57:19","guid":{"rendered":"https:\/\/veltrek.visibly.sk\/?p=441"},"modified":"2026-02-06T14:03:24","modified_gmt":"2026-02-06T13:03:24","slug":"rrats-minimalisticke-sandaly-nove-generace","status":"publish","type":"post","link":"https:\/\/veltrek.cz\/pl\/rrats-minimalisticke-sandaly-nove-generace\/","title":{"rendered":"RRAT\u2019S \u2013 minimalistyczne sanda\u0142y nowej generacji"},"content":{"rendered":"<p>Wszyscy to znamy. S\u0105 dni, kiedy czeka Ci\u0119 rumowisko skalne, ci\u0119\u017cki plecak i niepewny teren. Wtedy doceniasz wsparcie solidnego buta, kt\u00f3ry Ci\u0119 utrzyma, ale szczerze \u2013 ile razy po ca\u0142ym dniu mia\u0142e\u015b poczucie, \u017ce Twoje stopy s\u0105 w imadle? W Veltreku kochamy outdoor, ale t\u0119 cz\u0119\u015b\u0107 \u2013 ucisk palc\u00f3w i brak czucia terenu \u2013 postanowili\u015bmy troch\u0119 prze\u0142ama\u0107.<\/p>\n\n\n\n<p>Dlatego sprowadzili\u015bmy do Czech&nbsp;<strong>RRAT\u2019s<\/strong>. Hiszpa\u0144sk\u0105 mark\u0119, kt\u00f3ra nie m\u00f3wi, \u017ce masz wyrzuci\u0107 swoje buty trekkingowe. Po prostu pokazuje, \u017ce Twoja outdoorowa szafka na buty mo\u017ce mie\u0107 zupe\u0142nie inny wymiar.<\/p>\n\n\n\n<h3 class=\"wp-block-heading\">Pozw\u00f3l stopie zn\u00f3w pracowa\u0107<\/h3>\n\n\n\n<p>Wi\u0119kszo\u015b\u0107 klasycznych but\u00f3w izoluje Twoj\u0105 stop\u0119. RRAT\u2019s podchodz\u0105 do tego inaczej. Ich filozofia opiera si\u0119 na naturalnym ruchu. Dzi\u0119ki szerokiemu noskowi Twoje palce w ko\u0144cu maj\u0105 przestrze\u0144, by si\u0119 roz\u0142o\u017cy\u0107 i pracowa\u0107 jako naturalny stabilizator.<\/p>\n\n\n\n<p>To zmiana, kt\u00f3r\u0105 poczujesz ju\u017c przy pierwszym kroku. Nagle zaczynasz czu\u0107, po czym idziesz, Twoje cia\u0142o lepiej balansuje, a ch\u00f3d zyskuje lekko\u015b\u0107, o kt\u00f3rej w ci\u0119\u017ckich butach nawet Ci si\u0119 nie \u015bni\u0142o.<\/p>\n\n\n\n<figure class=\"wp-block-image size-large\"><img fetchpriority=\"high\" decoding=\"async\" width=\"1024\" height=\"512\" src=\"https:\/\/veltrek.cz\/wp-content\/uploads\/2026\/02\/1-1-1024x512.png\" alt=\"\" class=\"wp-image-9185\" srcset=\"https:\/\/veltrek.cz\/wp-content\/uploads\/2026\/02\/1-1-1024x512.png 1024w, https:\/\/veltrek.cz\/wp-content\/uploads\/2026\/02\/1-1-768x384.png 768w, https:\/\/veltrek.cz\/wp-content\/uploads\/2026\/02\/1-1-640x320.png 640w, https:\/\/veltrek.cz\/wp-content\/uploads\/2026\/02\/1-1-400x200.png 400w, https:\/\/veltrek.cz\/wp-content\/uploads\/2026\/02\/1-1-367x184.png 367w\" sizes=\"(max-width: 1024px) 100vw, 1024px\" \/><\/figure>\n\n\n\n<h3 class=\"wp-block-heading\">Technologia, na kt\u00f3rej mo\u017cesz polega\u0107<\/h3>\n\n\n\n<p>Spokojnie, to nie s\u0105 sanda\u0142y tylko na spacer po deptaku. RRAT\u2019s wybrali\u015bmy dlatego, \u017ce sami biegamy w nich po g\u00f3rach.<\/p>\n\n\n\n<ul class=\"wp-block-list\">\n<li><strong>Przyczepno\u015b\u0107, kt\u00f3ra trzyma:<\/strong>\u00a0\u017badnego \u015blizgania si\u0119 po mokrych korzeniach. Podeszwa zosta\u0142a zaprojektowana tak, aby zapewni\u0107 Ci przyczepno\u015b\u0107 w realnym terenie.<\/li>\n\n\n\n<li><strong>Wytrzyma\u0142o\u015b\u0107:<\/strong>\u00a0To nie s\u0105 buty na jeden sezon. Zosta\u0142y wykonane z materia\u0142\u00f3w, kt\u00f3re wytrzymaj\u0105 z Tob\u0105 setki kilometr\u00f3w na szlaku.<\/li>\n\n\n\n<li><strong>Lekko\u015b\u0107 do plecaka:<\/strong>\u00a0Wa\u017c\u0105 tylko kilka gram\u00f3w. Jako zapasowe buty na wiecz\u00f3r przy namiocie lub na l\u017cejsze odcinki trekkingu s\u0105 absolutn\u0105 konieczno\u015bci\u0105. Twoje stopy podzi\u0119kuj\u0105 Ci za t\u0119 zmian\u0119 po ca\u0142ym dniu marszu.<\/li>\n<\/ul>\n\n\n\n<figure class=\"wp-block-image size-large\"><img decoding=\"async\" width=\"2160\" height=\"1080\" src=\"https:\/\/veltrek.cz\/wp-content\/uploads\/2026\/02\/2-1024x512.png\" alt=\"\" class=\"wp-image-9186\" srcset=\"https:\/\/veltrek.cz\/wp-content\/uploads\/2026\/02\/2-1024x512.png 1024w, https:\/\/veltrek.cz\/wp-content\/uploads\/2026\/02\/2-768x384.png 768w, https:\/\/veltrek.cz\/wp-content\/uploads\/2026\/02\/2-1536x768.png 1536w, https:\/\/veltrek.cz\/wp-content\/uploads\/2026\/02\/2-2048x1024.png 2048w, https:\/\/veltrek.cz\/wp-content\/uploads\/2026\/02\/2-640x320.png 640w, https:\/\/veltrek.cz\/wp-content\/uploads\/2026\/02\/2-400x200.png 400w, https:\/\/veltrek.cz\/wp-content\/uploads\/2026\/02\/2-367x184.png 367w\" sizes=\"(max-width: 2160px) 100vw, 2160px\" \/><\/figure>\n\n\n\n<h3 class=\"wp-block-heading\">Barefoot dusza, outdoorowe cia\u0142o<\/h3>\n\n\n\n<p>Mo\u017cesz by\u0107 sceptyczny wobec barefoot i my\u015ble\u0107, \u017ce bez solidnej warstwy pod pi\u0119t\u0105 si\u0119 nie da. RRAT\u2019s s\u0105 jednak idealnym pomostem. Oferuj\u0105 ochron\u0119, kt\u00f3rej potrzebujesz w naturze, a jednocze\u015bnie przywracaj\u0105 Ci swobod\u0119 ruchu.<\/p>\n\n\n\n<p>To kwestia r\u00f3wnowagi. Tak jak zmieniasz sprz\u0119t w zale\u017cno\u015bci od tego, dok\u0105d si\u0119 wybierasz, tak i Twoje stopy zas\u0142uguj\u0105 na mo\u017cliwo\u015b\u0107 wyboru.<\/p>\n\n\n\n<p><strong>Chcesz wiedzie\u0107, o czym m\u00f3wimy?<\/strong>\u00a0Odwied\u017a naszych partner\u00f3w w ca\u0142ych Czechach. RRAT\u2019s znajdziesz na p\u00f3\u0142kach specjalistycznych sklep\u00f3w outdoorowych, gdzie doradz\u0105 Ci ludzie, kt\u00f3rzy \u017cyj\u0105 g\u00f3rami tak jak my. Przymierz je na w\u0142asnej sk\u00f3rze, a zobaczysz, \u017ce nie b\u0119dziesz chcia\u0142 do nich wraca\u0107.<\/p>","protected":false},"excerpt":{"rendered":"<p>Odkryj lekko\u015b\u0107 i stabilno\u015b\u0107 zaprojektowane w sercu Morza \u015ar\u00f3dziemnego dla wszystkich mi\u0142o\u015bnik\u00f3w naturalnego ruchu.<\/p>","protected":false},"author":4,"featured_media":8936,"comment_status":"open","ping_status":"open","sticky":false,"template":"","format":"standard","meta":{"inline_featured_image":false,"_monsterinsights_skip_tracking":false,"_monsterinsights_sitenote_active":false,"_monsterinsights_sitenote_note":"","_monsterinsights_sitenote_category":0,"footnotes":""},"categories":[1],"tags":[19],"class_list":["post-441","post","type-post","status-publish","format-standard","has-post-thumbnail","hentry","category-blog","tag-rrats"],"featured_image_src":{"landsacpe":["https:\/\/veltrek.cz\/wp-content\/uploads\/2026\/02\/RRATS-P1608148_3dc7100e-da17-42a5-921c-9ee98326a5e8-1140x445.jpg",1140,445,true],"list":["https:\/\/veltrek.cz\/wp-content\/uploads\/2026\/02\/RRATS-P1608148_3dc7100e-da17-42a5-921c-9ee98326a5e8-463x348.jpg",463,348,true],"medium":["https:\/\/veltrek.cz\/wp-content\/uploads\/2026\/02\/RRATS-P1608148_3dc7100e-da17-42a5-921c-9ee98326a5e8-300x200.jpg",300,200,true],"full":["https:\/\/veltrek.cz\/wp-content\/uploads\/2026\/02\/RRATS-P1608148_3dc7100e-da17-42a5-921c-9ee98326a5e8.jpg",2048,1365,false]},"yoast_head":"<!-- This site is optimized with the Yoast SEO plugin v26.7 - https:\/\/yoast.com\/wordpress\/plugins\/seo\/ -->\n<title>RRAT\u2019S \u2013 minimalistick\u00e9 sand\u00e1ly nov\u00e9 generace - veltrek.cz<\/title>\n<meta name=\"robots\" content=\"index, follow, max-snippet:-1, max-image-preview:large, max-video-preview:-1\" \/>\n<link rel=\"canonical\" href=\"https:\/\/veltrek.cz\/pl\/rrats-minimalisticke-sandaly-nove-generace\/\" \/>\n<meta property=\"og:locale\" content=\"pl_PL\" \/>\n<meta property=\"og:type\" content=\"article\" \/>\n<meta property=\"og:title\" content=\"RRAT\u2019S \u2013 minimalistick\u00e9 sand\u00e1ly nov\u00e9 generace - veltrek.cz\" \/>\n<meta property=\"og:description\" content=\"Objevte lehkost a stabilitu navr\u017eenou v srdci St\u0159edomo\u0159\u00ed pro v\u0161echny milovn\u00edky p\u0159irozen\u00e9ho pohybu.\" \/>\n<meta property=\"og:url\" content=\"https:\/\/veltrek.cz\/pl\/rrats-minimalisticke-sandaly-nove-generace\/\" \/>\n<meta property=\"og:site_name\" content=\"veltrek.cz\" \/>\n<meta property=\"article:published_time\" content=\"2026-02-02T07:57:19+00:00\" \/>\n<meta property=\"article:modified_time\" content=\"2026-02-06T13:03:24+00:00\" \/>\n<meta property=\"og:image\" content=\"https:\/\/veltrek.cz\/wp-content\/uploads\/2026\/02\/RRATS-P1608148_3dc7100e-da17-42a5-921c-9ee98326a5e8.jpg\" \/>\n\t<meta property=\"og:image:width\" content=\"2048\" \/>\n\t<meta property=\"og:image:height\" content=\"1365\" \/>\n\t<meta property=\"og:image:type\" content=\"image\/jpeg\" \/>\n<meta name=\"author\" content=\"sona.k\" \/>\n<meta name=\"twitter:card\" content=\"summary_large_image\" \/>\n<meta name=\"twitter:label1\" content=\"Napisane przez\" \/>\n\t<meta name=\"twitter:data1\" content=\"sona.k\" \/>\n\t<meta name=\"twitter:label2\" content=\"Szacowany czas czytania\" \/>\n\t<meta name=\"twitter:data2\" content=\"3 minuty\" \/>\n<script type=\"application\/ld+json\" class=\"yoast-schema-graph\">{\"@context\":\"https:\/\/schema.org\",\"@graph\":[{\"@type\":\"Article\",\"@id\":\"https:\/\/veltrek.cz\/rrats-minimalisticke-sandaly-nove-generace\/#article\",\"isPartOf\":{\"@id\":\"https:\/\/veltrek.cz\/rrats-minimalisticke-sandaly-nove-generace\/\"},\"author\":{\"name\":\"sona.k\",\"@id\":\"https:\/\/veltrek.cz\/#\/schema\/person\/34491811c0094c1e53ef5e31677c4661\"},\"headline\":\"RRAT\u2019S \u2013 minimalistick\u00e9 sand\u00e1ly nov\u00e9 generace\",\"datePublished\":\"2026-02-02T07:57:19+00:00\",\"dateModified\":\"2026-02-06T13:03:24+00:00\",\"mainEntityOfPage\":{\"@id\":\"https:\/\/veltrek.cz\/rrats-minimalisticke-sandaly-nove-generace\/\"},\"wordCount\":465,\"commentCount\":0,\"publisher\":{\"@id\":\"https:\/\/veltrek.cz\/#organization\"},\"image\":{\"@id\":\"https:\/\/veltrek.cz\/rrats-minimalisticke-sandaly-nove-generace\/#primaryimage\"},\"thumbnailUrl\":\"https:\/\/veltrek.cz\/wp-content\/uploads\/2026\/02\/RRATS-P1608148_3dc7100e-da17-42a5-921c-9ee98326a5e8.jpg\",\"keywords\":[\"rrats\"],\"articleSection\":[\"Blog\"],\"inLanguage\":\"pl-PL\",\"potentialAction\":[{\"@type\":\"CommentAction\",\"name\":\"Comment\",\"target\":[\"https:\/\/veltrek.cz\/rrats-minimalisticke-sandaly-nove-generace\/#respond\"]}]},{\"@type\":\"WebPage\",\"@id\":\"https:\/\/veltrek.cz\/rrats-minimalisticke-sandaly-nove-generace\/\",\"url\":\"https:\/\/veltrek.cz\/rrats-minimalisticke-sandaly-nove-generace\/\",\"name\":\"RRAT\u2019S \u2013 minimalistick\u00e9 sand\u00e1ly nov\u00e9 generace - veltrek.cz\",\"isPartOf\":{\"@id\":\"https:\/\/veltrek.cz\/#website\"},\"primaryImageOfPage\":{\"@id\":\"https:\/\/veltrek.cz\/rrats-minimalisticke-sandaly-nove-generace\/#primaryimage\"},\"image\":{\"@id\":\"https:\/\/veltrek.cz\/rrats-minimalisticke-sandaly-nove-generace\/#primaryimage\"},\"thumbnailUrl\":\"https:\/\/veltrek.cz\/wp-content\/uploads\/2026\/02\/RRATS-P1608148_3dc7100e-da17-42a5-921c-9ee98326a5e8.jpg\",\"datePublished\":\"2026-02-02T07:57:19+00:00\",\"dateModified\":\"2026-02-06T13:03:24+00:00\",\"breadcrumb\":{\"@id\":\"https:\/\/veltrek.cz\/rrats-minimalisticke-sandaly-nove-generace\/#breadcrumb\"},\"inLanguage\":\"pl-PL\",\"potentialAction\":[{\"@type\":\"ReadAction\",\"target\":[\"https:\/\/veltrek.cz\/rrats-minimalisticke-sandaly-nove-generace\/\"]}]},{\"@type\":\"ImageObject\",\"inLanguage\":\"pl-PL\",\"@id\":\"https:\/\/veltrek.cz\/rrats-minimalisticke-sandaly-nove-generace\/#primaryimage\",\"url\":\"https:\/\/veltrek.cz\/wp-content\/uploads\/2026\/02\/RRATS-P1608148_3dc7100e-da17-42a5-921c-9ee98326a5e8.jpg\",\"contentUrl\":\"https:\/\/veltrek.cz\/wp-content\/uploads\/2026\/02\/RRATS-P1608148_3dc7100e-da17-42a5-921c-9ee98326a5e8.jpg\",\"width\":2048,\"height\":1365},{\"@type\":\"BreadcrumbList\",\"@id\":\"https:\/\/veltrek.cz\/rrats-minimalisticke-sandaly-nove-generace\/#breadcrumb\",\"itemListElement\":[{\"@type\":\"ListItem\",\"position\":1,\"name\":\"Domovsk\u00e1 str\u00e1nka\",\"item\":\"https:\/\/veltrek.cz\/\"},{\"@type\":\"ListItem\",\"position\":2,\"name\":\"RRAT\u2019S \u2013 minimalistick\u00e9 sand\u00e1ly nov\u00e9 generace\"}]},{\"@type\":\"WebSite\",\"@id\":\"https:\/\/veltrek.cz\/#website\",\"url\":\"https:\/\/veltrek.cz\/\",\"name\":\"veltrek.cz\",\"description\":\"\",\"publisher\":{\"@id\":\"https:\/\/veltrek.cz\/#organization\"},\"potentialAction\":[{\"@type\":\"SearchAction\",\"target\":{\"@type\":\"EntryPoint\",\"urlTemplate\":\"https:\/\/veltrek.cz\/?s={search_term_string}\"},\"query-input\":{\"@type\":\"PropertyValueSpecification\",\"valueRequired\":true,\"valueName\":\"search_term_string\"}}],\"inLanguage\":\"pl-PL\"},{\"@type\":\"Organization\",\"@id\":\"https:\/\/veltrek.cz\/#organization\",\"name\":\"veltrek.cz\",\"url\":\"https:\/\/veltrek.cz\/\",\"logo\":{\"@type\":\"ImageObject\",\"inLanguage\":\"pl-PL\",\"@id\":\"https:\/\/veltrek.cz\/#\/schema\/logo\/image\/\",\"url\":\"https:\/\/veltrek.cz\/wp-content\/uploads\/2025\/11\/Layer_1-1.svg\",\"contentUrl\":\"https:\/\/veltrek.cz\/wp-content\/uploads\/2025\/11\/Layer_1-1.svg\",\"width\":169,\"height\":28,\"caption\":\"veltrek.cz\"},\"image\":{\"@id\":\"https:\/\/veltrek.cz\/#\/schema\/logo\/image\/\"}},{\"@type\":\"Person\",\"@id\":\"https:\/\/veltrek.cz\/#\/schema\/person\/34491811c0094c1e53ef5e31677c4661\",\"name\":\"sona.k\",\"image\":{\"@type\":\"ImageObject\",\"inLanguage\":\"pl-PL\",\"@id\":\"https:\/\/veltrek.cz\/#\/schema\/person\/image\/\",\"url\":\"https:\/\/secure.gravatar.com\/avatar\/0e609d51dc223161e011ea63363018847615324c4b10f273d7efcea06b958684?s=96&d=mm&r=g\",\"contentUrl\":\"https:\/\/secure.gravatar.com\/avatar\/0e609d51dc223161e011ea63363018847615324c4b10f273d7efcea06b958684?s=96&d=mm&r=g\",\"caption\":\"sona.k\"},\"url\":\"https:\/\/veltrek.cz\/pl\/author\/sona-k\/\"}]}<\/script>\n<!-- \/ Yoast SEO plugin. -->","yoast_head_json":{"title":"RRAT\u2019S \u2013 minimalistick\u00e9 sand\u00e1ly nov\u00e9 generace - veltrek.cz","robots":{"index":"index","follow":"follow","max-snippet":"max-snippet:-1","max-image-preview":"max-image-preview:large","max-video-preview":"max-video-preview:-1"},"canonical":"https:\/\/veltrek.cz\/pl\/rrats-minimalisticke-sandaly-nove-generace\/","og_locale":"pl_PL","og_type":"article","og_title":"RRAT\u2019S \u2013 minimalistick\u00e9 sand\u00e1ly nov\u00e9 generace - veltrek.cz","og_description":"Objevte lehkost a stabilitu navr\u017eenou v srdci St\u0159edomo\u0159\u00ed pro v\u0161echny milovn\u00edky p\u0159irozen\u00e9ho pohybu.","og_url":"https:\/\/veltrek.cz\/pl\/rrats-minimalisticke-sandaly-nove-generace\/","og_site_name":"veltrek.cz","article_published_time":"2026-02-02T07:57:19+00:00","article_modified_time":"2026-02-06T13:03:24+00:00","og_image":[{"width":2048,"height":1365,"url":"https:\/\/veltrek.cz\/wp-content\/uploads\/2026\/02\/RRATS-P1608148_3dc7100e-da17-42a5-921c-9ee98326a5e8.jpg","type":"image\/jpeg"}],"author":"sona.k","twitter_card":"summary_large_image","twitter_misc":{"Napisane przez":"sona.k","Szacowany czas czytania":"3 minuty"},"schema":{"@context":"https:\/\/schema.org","@graph":[{"@type":"Article","@id":"https:\/\/veltrek.cz\/rrats-minimalisticke-sandaly-nove-generace\/#article","isPartOf":{"@id":"https:\/\/veltrek.cz\/rrats-minimalisticke-sandaly-nove-generace\/"},"author":{"name":"sona.k","@id":"https:\/\/veltrek.cz\/#\/schema\/person\/34491811c0094c1e53ef5e31677c4661"},"headline":"RRAT\u2019S \u2013 minimalistick\u00e9 sand\u00e1ly nov\u00e9 generace","datePublished":"2026-02-02T07:57:19+00:00","dateModified":"2026-02-06T13:03:24+00:00","mainEntityOfPage":{"@id":"https:\/\/veltrek.cz\/rrats-minimalisticke-sandaly-nove-generace\/"},"wordCount":465,"commentCount":0,"publisher":{"@id":"https:\/\/veltrek.cz\/#organization"},"image":{"@id":"https:\/\/veltrek.cz\/rrats-minimalisticke-sandaly-nove-generace\/#primaryimage"},"thumbnailUrl":"https:\/\/veltrek.cz\/wp-content\/uploads\/2026\/02\/RRATS-P1608148_3dc7100e-da17-42a5-921c-9ee98326a5e8.jpg","keywords":["rrats"],"articleSection":["Blog"],"inLanguage":"pl-PL","potentialAction":[{"@type":"CommentAction","name":"Comment","target":["https:\/\/veltrek.cz\/rrats-minimalisticke-sandaly-nove-generace\/#respond"]}]},{"@type":"WebPage","@id":"https:\/\/veltrek.cz\/rrats-minimalisticke-sandaly-nove-generace\/","url":"https:\/\/veltrek.cz\/rrats-minimalisticke-sandaly-nove-generace\/","name":"RRAT\u2019S \u2013 minimalistick\u00e9 sand\u00e1ly nov\u00e9 generace - veltrek.cz","isPartOf":{"@id":"https:\/\/veltrek.cz\/#website"},"primaryImageOfPage":{"@id":"https:\/\/veltrek.cz\/rrats-minimalisticke-sandaly-nove-generace\/#primaryimage"},"image":{"@id":"https:\/\/veltrek.cz\/rrats-minimalisticke-sandaly-nove-generace\/#primaryimage"},"thumbnailUrl":"https:\/\/veltrek.cz\/wp-content\/uploads\/2026\/02\/RRATS-P1608148_3dc7100e-da17-42a5-921c-9ee98326a5e8.jpg","datePublished":"2026-02-02T07:57:19+00:00","dateModified":"2026-02-06T13:03:24+00:00","breadcrumb":{"@id":"https:\/\/veltrek.cz\/rrats-minimalisticke-sandaly-nove-generace\/#breadcrumb"},"inLanguage":"pl-PL","potentialAction":[{"@type":"ReadAction","target":["https:\/\/veltrek.cz\/rrats-minimalisticke-sandaly-nove-generace\/"]}]},{"@type":"ImageObject","inLanguage":"pl-PL","@id":"https:\/\/veltrek.cz\/rrats-minimalisticke-sandaly-nove-generace\/#primaryimage","url":"https:\/\/veltrek.cz\/wp-content\/uploads\/2026\/02\/RRATS-P1608148_3dc7100e-da17-42a5-921c-9ee98326a5e8.jpg","contentUrl":"https:\/\/veltrek.cz\/wp-content\/uploads\/2026\/02\/RRATS-P1608148_3dc7100e-da17-42a5-921c-9ee98326a5e8.jpg","width":2048,"height":1365},{"@type":"BreadcrumbList","@id":"https:\/\/veltrek.cz\/rrats-minimalisticke-sandaly-nove-generace\/#breadcrumb","itemListElement":[{"@type":"ListItem","position":1,"name":"Domovsk\u00e1 str\u00e1nka","item":"https:\/\/veltrek.cz\/"},{"@type":"ListItem","position":2,"name":"RRAT\u2019S \u2013 minimalistick\u00e9 sand\u00e1ly nov\u00e9 generace"}]},{"@type":"WebSite","@id":"https:\/\/veltrek.cz\/#website","url":"https:\/\/veltrek.cz\/","name":"veltrek.cz","description":"","publisher":{"@id":"https:\/\/veltrek.cz\/#organization"},"potentialAction":[{"@type":"SearchAction","target":{"@type":"EntryPoint","urlTemplate":"https:\/\/veltrek.cz\/?s={search_term_string}"},"query-input":{"@type":"PropertyValueSpecification","valueRequired":true,"valueName":"search_term_string"}}],"inLanguage":"pl-PL"},{"@type":"Organization","@id":"https:\/\/veltrek.cz\/#organization","name":"veltrek.cz","url":"https:\/\/veltrek.cz\/","logo":{"@type":"ImageObject","inLanguage":"pl-PL","@id":"https:\/\/veltrek.cz\/#\/schema\/logo\/image\/","url":"https:\/\/veltrek.cz\/wp-content\/uploads\/2025\/11\/Layer_1-1.svg","contentUrl":"https:\/\/veltrek.cz\/wp-content\/uploads\/2025\/11\/Layer_1-1.svg","width":169,"height":28,"caption":"veltrek.cz"},"image":{"@id":"https:\/\/veltrek.cz\/#\/schema\/logo\/image\/"}},{"@type":"Person","@id":"https:\/\/veltrek.cz\/#\/schema\/person\/34491811c0094c1e53ef5e31677c4661","name":"sona.k","image":{"@type":"ImageObject","inLanguage":"pl-PL","@id":"https:\/\/veltrek.cz\/#\/schema\/person\/image\/","url":"https:\/\/secure.gravatar.com\/avatar\/0e609d51dc223161e011ea63363018847615324c4b10f273d7efcea06b958684?s=96&d=mm&r=g","contentUrl":"https:\/\/secure.gravatar.com\/avatar\/0e609d51dc223161e011ea63363018847615324c4b10f273d7efcea06b958684?s=96&d=mm&r=g","caption":"sona.k"},"url":"https:\/\/veltrek.cz\/pl\/author\/sona-k\/"}]}},"_links":{"self":[{"href":"https:\/\/veltrek.cz\/pl\/wp-json\/wp\/v2\/posts\/441","targetHints":{"allow":["GET"]}}],"collection":[{"href":"https:\/\/veltrek.cz\/pl\/wp-json\/wp\/v2\/posts"}],"about":[{"href":"https:\/\/veltrek.cz\/pl\/wp-json\/wp\/v2\/types\/post"}],"author":[{"embeddable":true,"href":"https:\/\/veltrek.cz\/pl\/wp-json\/wp\/v2\/users\/4"}],"replies":[{"embeddable":true,"href":"https:\/\/veltrek.cz\/pl\/wp-json\/wp\/v2\/comments?post=441"}],"version-history":[{"count":11,"href":"https:\/\/veltrek.cz\/pl\/wp-json\/wp\/v2\/posts\/441\/revisions"}],"predecessor-version":[{"id":9189,"href":"https:\/\/veltrek.cz\/pl\/wp-json\/wp\/v2\/posts\/441\/revisions\/9189"}],"wp:featuredmedia":[{"embeddable":true,"href":"https:\/\/veltrek.cz\/pl\/wp-json\/wp\/v2\/media\/8936"}],"wp:attachment":[{"href":"https:\/\/veltrek.cz\/pl\/wp-json\/wp\/v2\/media?parent=441"}],"wp:term":[{"taxonomy":"category","embeddable":true,"href":"https:\/\/veltrek.cz\/pl\/wp-json\/wp\/v2\/categories?post=441"},{"taxonomy":"post_tag","embeddable":true,"href":"https:\/\/veltrek.cz\/pl\/wp-json\/wp\/v2\/tags?post=441"}],"curies":[{"name":"wp","href":"https:\/\/api.w.org\/{rel}","templated":true}]}}